{"id":3319,"date":"2026-08-30T22:41:23","date_gmt":"2026-08-30T20:41:23","guid":{"rendered":"https:\/\/parafie.archidiecezja.lodz.pl\/swietyalbert\/?p=3319"},"modified":"2026-08-30T22:41:24","modified_gmt":"2026-08-30T20:41:24","slug":"xxii-niedziela-zwykla-30-08-2026r","status":"publish","type":"post","link":"https:\/\/parafie.archidiecezja.lodz.pl\/swietyalbert\/xxii-niedziela-zwykla-30-08-2026r\/","title":{"rendered":"XXII NIEDZIELA ZWYK\u0141A &#8211; 30.08.2026r."},"content":{"rendered":"\n<ol class=\"wp-block-list\">\n<li>Dzisiaj o godz. 18.00 za\u015bpiewamy nieszpory.<\/li>\n\n\n\n<li>We wtorek pierwszego wrze\u015bnia o godz. 8.00 b\u0119dzie odprawiona Msza \u015awi\u0119ta na rozpocz\u0119cie nowego roku szkolnego i katechetycznego. Zapraszamy dzieci, m\u0142odzie\u017c, nauczycieli i dyrektor\u00f3w szk\u00f3\u0142 do wsp\u00f3lnej modlitwy. Podczas tej Mszy \u015awi\u0119tej b\u0119d\u0105 si\u0119 z nami modli\u0107 dzieci z naszego parafialnego przedszkola \u201eAlbercik\u201c ze swoimi rodzicami i wychowawcami. Tego dnia wspominamy 87. rocznic\u0119 wybuchu II wojny \u015bwiatowej i modlimy si\u0119 za wszystkie jej ofiary.<\/li>\n\n\n\n<li>W \u015brod\u0119 o godz. 19.00 zapraszamy na Msz\u0119 \u015awi\u0119t\u0105 z modlitw\u0105 o uzdrowienie oraz z indywidualnym b\u0142ogos\u0142awie\u0144stwem.<\/li>\n\n\n\n<li>W czwartek Msza \u015awi\u0119ta w intencji kap\u0142an\u00f3w oraz nowych powo\u0142a\u0144 do s\u0142u\u017cby Bo\u017cej w Ko\u015bciele o godz. 18.00. Po Mszy \u015awi\u0119tej adoracja animowana muzycznie do godz. 20.00. M\u0119\u017cczyzn zapraszmy na Msz\u0119 \u015awi\u0119t\u0105 o godz. 22.00 i Godzin\u0119 \u015awi\u0119t\u0105 przed Naj\u015bwi\u0119tszym Sakramentem do p\u00f3\u0142nocy.<\/li>\n\n\n\n<li>W pierwszy pi\u0105tek nabo\u017ce\u0144stwo wynagradzajace Naj\u015bwi\u0119tszemu Sercu Pana Jezusa po Mszy \u015awi\u0119tej o godz. 17.00. Tego dnia zapraszamy na wiecz\u00f3r uwielbienia o godz. 20.00. Has\u0142em wrze\u015bniowej modlitwy b\u0119dzie pytanie: Czy wiesz dok\u0105d zmierzasz? W czasie modlitwy sk\u0142adamy intencje na przygotowanych wcze\u015bniej kartkach, kt\u00f3re mo\u017cemy dzisiaj zabra\u0107 ze stolika wychodz\u0105c z ko\u015bcio\u0142a. W tych wszystkich intencjach b\u0119dziemy modli\u0107 si\u0119 w najbli\u017csz\u0105 niedziel\u0119 podczas Mszy \u015awi\u0119tej o godz. 12.00.<\/li>\n\n\n\n<li>R\u00f3\u017caniec pierwszosobotni wynagradzaj\u0105cy Niepokalanemu Sercu NMP odm\u00f3wimy o godz. 16.30,nast\u0119pnie Msza \u015awi\u0119ta i pi\u0119tna\u015bcie minut rozwa\u017cania tajemnicy r\u00f3\u017ca\u0144ca. <\/li>\n\n\n\n<li>Pozosta\u0142o jeszcze kilka wolnych miejsc na trzydniow\u0105 pielgrzymk\u0119 na Dolny \u015al\u0105sk: do Legnicy, \u015awidnicy oraz Jeleniej G\u00f3ry, w dniach 24-26 wrze\u015bnia.<\/li>\n\n\n\n<li>W niedziel\u0119 13 wrze\u015bnia podczas Mszy \u015awi\u0119tej o godz. 10.30 b\u0119dzie po\u015bwi\u0119cenie tornistr\u00f3w pierwszoklasistom. Po Mszy \u015awi\u0119tej odb\u0119dzie si\u0119 spotkanie organizacyjne rodzic\u00f3w dzieci, kt\u00f3re przygotowuj\u0105 si\u0119 do przyj\u0119cia Pierwszej Komunii \u015awi\u0119tej.<\/li>\n\n\n\n<li>Dzi\u0119kujemy za pomoc w posprz\u0105taniu ko\u015bcio\u0142a. Zapraszamy nowe, ch\u0119tne osoby do pomocy w sprz\u0105taniu, w sobot\u0119 po drugiej Mszy \u015awi\u0119tej porannej.<\/li>\n\n\n\n<li>Od pierwszego wrze\u015bnia powracaj\u0105 w dni powszednie Msze \u015awi\u0119te o godz. 7.30 i 17.00, od przysz\u0142ej niedzieli wraca Msza \u015awi\u0119ta o godz. 13.15. <\/li>\n\n\n\n<li>Pami\u0119tajmy o codziennej adoracji Pana Jezusa w Naj\u015bwi\u0119tszym Sakramencie w naszym ko\u015bciele. <\/li>\n\n\n\n<li>Zwolni\u0142y si\u0119 intencje na Msze \u015awi\u0119te poranne o godz. 7.00 we wrze\u015bniu. Mo\u017cemy zamawia\u0107 intencje za swoich bliskich zmar\u0142ych b\u0105d\u017a \u017cyj\u0105cych. <\/li>\n\n\n\n<li>W przysz\u0142\u0105 niedziel\u0119 bedziemy go\u015bci\u0107 w naszej parafii pani\u0105 Dominik\u0119 Przybysz, wolontariuszk\u0119 misyjn\u0105 m.in. w Indiach i Urugwaju, a obecnie prelegentk\u0119 organizacji Open Doors, zajmujacej si\u0119 problemem prze\u015bladowa\u0144 i dyskryminacji chrze\u015bcijan w \u015bwiecie. W trakcie og\u0142osze\u0144 podzieli si\u0119 z nami \u015bwiadectwem.<\/li>\n\n\n\n<li>Dzi\u0119kujemy za ofiary z\u0142o\u017cone na potrzeby naszej parafii. W ostatnim tygodniu na konto parafialne oraz w kopertach na tac\u0119 wp\u0142yn\u0119\u0142o 1.800 z\u0142.<\/li>\n\n\n\n<li>Polecamy pras\u0119 katolick\u0105.<\/li>\n<\/ol>\n","protected":false},"excerpt":{"rendered":"","protected":false},"author":1,"featured_media":0,"comment_status":"closed","ping_status":"closed","sticky":false,"template":"","format":"standard","meta":{"footnotes":""},"categories":[5],"tags":[],"class_list":["post-3319","post","type-post","status-publish","format-standard","hentry","category-ogloszenia","entry"],"_links":{"self":[{"href":"https:\/\/parafie.archidiecezja.lodz.pl\/swietyalbert\/wp-json\/wp\/v2\/posts\/3319","targetHints":{"allow":["GET"]}}],"collection":[{"href":"https:\/\/parafie.archidiecezja.lodz.pl\/swietyalbert\/wp-json\/wp\/v2\/posts"}],"about":[{"href":"https:\/\/parafie.archidiecezja.lodz.pl\/swietyalbert\/wp-json\/wp\/v2\/types\/post"}],"author":[{"embeddable":true,"href":"https:\/\/parafie.archidiecezja.lodz.pl\/swietyalbert\/wp-json\/wp\/v2\/users\/1"}],"replies":[{"embeddable":true,"href":"https:\/\/parafie.archidiecezja.lodz.pl\/swietyalbert\/wp-json\/wp\/v2\/comments?post=3319"}],"version-history":[{"count":1,"href":"https:\/\/parafie.archidiecezja.lodz.pl\/swietyalbert\/wp-json\/wp\/v2\/posts\/3319\/revisions"}],"predecessor-version":[{"id":3320,"href":"https:\/\/parafie.archidiecezja.lodz.pl\/swietyalbert\/wp-json\/wp\/v2\/posts\/3319\/revisions\/3320"}],"wp:attachment":[{"href":"https:\/\/parafie.archidiecezja.lodz.pl\/swietyalbert\/wp-json\/wp\/v2\/media?parent=3319"}],"wp:term":[{"taxonomy":"category","embeddable":true,"href":"https:\/\/parafie.archidiecezja.lodz.pl\/swietyalbert\/wp-json\/wp\/v2\/categories?post=3319"},{"taxonomy":"post_tag","embeddable":true,"href":"https:\/\/parafie.archidiecezja.lodz.pl\/swietyalbert\/wp-json\/wp\/v2\/tags?post=3319"}],"curies":[{"name":"wp","href":"https:\/\/api.w.org\/{rel}","templated":true}]}}