{"id":3325,"date":"2026-09-05T20:28:04","date_gmt":"2026-09-05T18:28:04","guid":{"rendered":"https:\/\/parafie.archidiecezja.lodz.pl\/swietyalbert\/?p=3325"},"modified":"2026-09-05T20:28:06","modified_gmt":"2026-09-05T18:28:06","slug":"xxiii-niedziela-zwykla-6-09-2026r","status":"publish","type":"post","link":"https:\/\/parafie.archidiecezja.lodz.pl\/swietyalbert\/xxiii-niedziela-zwykla-6-09-2026r\/","title":{"rendered":"XXIII NIEDZIELA ZWYK\u0141A &#8211; 6.09.2026r."},"content":{"rendered":"\n<ol class=\"wp-block-list\">\n<li>Dzisiaj o godz. 18.00 nabo\u017ce\u0144stwo adoracyjne.<\/li>\n\n\n\n<li>We wtorek \u015bwi\u0119to Narodzenia NMP.W najbli\u017csza sobot\u0119 odb\u0119dzie si\u0119 parafialna pielgrzymka na Jasn\u0105 G\u00f3r\u0119. Wyjazd wszystkich czterech autokar\u00f3w sprzed ko\u015bcio\u0142a o godz. 6.00.<\/li>\n\n\n\n<li>Pozosta\u0142o jeszcze kilka wolnych miejsc na trzydniow\u0105 pielgrzymk\u0119 na Dolny \u015al\u0105sk: do Legnicy, \u015awidnicy oraz Jeleniej G\u00f3ry, w dniach 24-26 wrze\u015bnia.<\/li>\n\n\n\n<li>Od wrze\u015bnia chcemy podj\u0105\u0107 inicjatywn\u0119 modlitwy za Ojczyzn\u0119. B\u0119dziemy to czyni\u0107 ka\u017cdego szesnastego dnia miesi\u0105ca podczas Mszy \u015awi\u0119tej o godz. 18.00 wzywaj\u0105c wstawiennictwa \u015bw. Andrzeja Boboli. Po Eucharystii odm\u00f3wimy wsp\u00f3lnie r\u00f3\u017caniec.<\/li>\n\n\n\n<li>W najbli\u017csz\u0105 niedziel\u0119 podczas Mszy \u015awi\u0119tej o godz. 10.30 b\u0119dzie po\u015bwi\u0119cenie tornistr\u00f3w pierwszoklasistom. Po Mszy \u015awi\u0119tej odb\u0119dzie si\u0119 spotkanie organizacyjne rodzic\u00f3w dzieci, kt\u00f3re przygotowuj\u0105 si\u0119 do przyj\u0119cia Pierwszej Komunii \u015awi\u0119tej.<\/li>\n\n\n\n<li>Dzi\u0119kujemy za pomoc w postrz\u0105taniu ko\u015bcio\u0142a. Zapraszmy nowe ch\u0119tne osoby do pomocy w sprz\u0105taniu w sobot\u0119 po drugiej Mszy \u015awi\u0119tej porannej. <\/li>\n\n\n\n<li>Pami\u0119tajmy o codziennej adoracji Pana Jezusa w Naj\u015bwi\u0119tszym Sakramencie w naszym ko\u015bciele. <\/li>\n\n\n\n<li>Polecamy pras\u0119 katolick\u0105.<\/li>\n<\/ol>\n\n\n\n<p class=\"wp-block-paragraph\"><\/p>\n","protected":false},"excerpt":{"rendered":"","protected":false},"author":1,"featured_media":0,"comment_status":"closed","ping_status":"closed","sticky":false,"template":"","format":"standard","meta":{"footnotes":""},"categories":[5],"tags":[],"class_list":["post-3325","post","type-post","status-publish","format-standard","hentry","category-ogloszenia","entry"],"_links":{"self":[{"href":"https:\/\/parafie.archidiecezja.lodz.pl\/swietyalbert\/wp-json\/wp\/v2\/posts\/3325","targetHints":{"allow":["GET"]}}],"collection":[{"href":"https:\/\/parafie.archidiecezja.lodz.pl\/swietyalbert\/wp-json\/wp\/v2\/posts"}],"about":[{"href":"https:\/\/parafie.archidiecezja.lodz.pl\/swietyalbert\/wp-json\/wp\/v2\/types\/post"}],"author":[{"embeddable":true,"href":"https:\/\/parafie.archidiecezja.lodz.pl\/swietyalbert\/wp-json\/wp\/v2\/users\/1"}],"replies":[{"embeddable":true,"href":"https:\/\/parafie.archidiecezja.lodz.pl\/swietyalbert\/wp-json\/wp\/v2\/comments?post=3325"}],"version-history":[{"count":1,"href":"https:\/\/parafie.archidiecezja.lodz.pl\/swietyalbert\/wp-json\/wp\/v2\/posts\/3325\/revisions"}],"predecessor-version":[{"id":3326,"href":"https:\/\/parafie.archidiecezja.lodz.pl\/swietyalbert\/wp-json\/wp\/v2\/posts\/3325\/revisions\/3326"}],"wp:attachment":[{"href":"https:\/\/parafie.archidiecezja.lodz.pl\/swietyalbert\/wp-json\/wp\/v2\/media?parent=3325"}],"wp:term":[{"taxonomy":"category","embeddable":true,"href":"https:\/\/parafie.archidiecezja.lodz.pl\/swietyalbert\/wp-json\/wp\/v2\/categories?post=3325"},{"taxonomy":"post_tag","embeddable":true,"href":"https:\/\/parafie.archidiecezja.lodz.pl\/swietyalbert\/wp-json\/wp\/v2\/tags?post=3325"}],"curies":[{"name":"wp","href":"https:\/\/api.w.org\/{rel}","templated":true}]}}